{"id":4838,"date":"2025-01-10T16:51:12","date_gmt":"2025-01-10T16:51:12","guid":{"rendered":"https:\/\/redizajn.ba\/?p=4838"},"modified":"2025-01-10T16:51:14","modified_gmt":"2025-01-10T16:51:14","slug":"mitovi-o-it-industriji-sta-ljudi-pogresno-shvataju-o-nama","status":"publish","type":"post","link":"https:\/\/redizajn.ba\/de\/mitovi-o-it-industriji-sta-ljudi-pogresno-shvataju-o-nama\/","title":{"rendered":"Mythen \u00fcber die IT-Branche: Was wird \u00fcber uns missverstanden?"},"content":{"rendered":"<p class=\"wp-block-paragraph\">Viele stellen sich IT-Fachleute als Genies vor, die den ganzen Tag vor dem Computer sitzen, kein Sozialleben haben, Unmengen an Kaffee trinken und nur \u00fcber Code reden. Die Realit\u00e4t des IT-Lebens und der Arbeit in dieser Branche sieht jedoch ganz anders aus (und ist viel spannender!).&nbsp;<\/p>\n\n\n\n<p class=\"wp-block-paragraph\">In diesem Artikel entkr\u00e4ften wir die g\u00e4ngigsten Mythen \u00fcber die Arbeit im IT-Sektor und entdecken, was es wirklich bedeutet, Teil dieser Branche zu sein.<\/p>\n\n\n\n<div class=\"blog-post-banner\"><h4>Ben\u00f6tigen Sie eine professionelle WordPress-Website?<\/h4><a class=\"ponuda-button\" href=\"\/de\/procjena-projekta\/\">Projektanfrage<\/a><\/div>\n\n\n\n<h2 class=\"wp-block-heading\"><strong>Mythos 1: Jeder in der IT ist ein Entwickler<\/strong><\/h2>\n\n\n\n<p class=\"wp-block-paragraph\"><strong><em>Realit\u00e4t: Der IT-Sektor ist viel mehr als nur Programmierung.<\/em><\/strong><strong><em><br><\/em><\/strong><br>Einer der h\u00e4ufigsten Mythen \u00fcber die IT-Branche ist, dass jeder in der IT ein Programmierer ist. Nat\u00fcrlich sind Programmierer ein wichtiger Bestandteil jedes IT-Teams, aber es gibt auch Designer, UX\/UI-Spezialisten, QA-Tester, Datenanalysten, <a href=\"https:\/\/www.designrush.com\/agency\/search-engine-optimization\/trends\/is-seo-worth-it\">SEO<\/a> Experten, Netzwerktechniker, Systemadministratoren, Cybersicherheitsexperten und viele andere.&nbsp;<\/p>\n\n\n\n<p class=\"wp-block-paragraph\">Diese Vielfalt an Positionen erm\u00f6glicht es Menschen mit unterschiedlichen Interessen und F\u00e4higkeiten, ihren Platz in der IT-Branche zu finden.<\/p>\n\n\n\n<h2 class=\"wp-block-heading\"><strong>Mythos 2: IT-Fachkr\u00e4fte arbeiten rund um die Uhr und haben kein Sozialleben<\/strong><\/h2>\n\n\n\n<p class=\"wp-block-paragraph\"><strong><em>Realit\u00e4t: Wie alle anderen m\u00fcssen auch IT-Fachleute Beruf und Privatleben in Einklang bringen.<\/em><\/strong><strong><em><br><\/em><\/strong><br>Ja, es gibt Phasen mit sehr hohem Arbeitsaufkommen, aber die meisten IT-Unternehmen f\u00f6rdern flexible Arbeitszeiten und eine ausgewogene Work-Life-Balance. Dieser Mythos \u00fcber die IT-Branche entspricht also nicht der Wahrheit.&nbsp;<\/p>\n\n\n\n<figure class=\"wp-block-image size-large\"><img fetchpriority=\"high\" decoding=\"async\" width=\"1024\" height=\"683\" src=\"https:\/\/redizajn.ba\/wp-content\/uploads\/2025\/01\/nangialai-stoman-ZOS4XDaMjR0-unsplash-1024x683.jpg\" alt=\"programiranje\" class=\"wp-image-4839\" srcset=\"https:\/\/redizajn.ba\/wp-content\/uploads\/2025\/01\/nangialai-stoman-ZOS4XDaMjR0-unsplash-1024x683.jpg 1024w, https:\/\/redizajn.ba\/wp-content\/uploads\/2025\/01\/nangialai-stoman-ZOS4XDaMjR0-unsplash-300x200.jpg 300w, https:\/\/redizajn.ba\/wp-content\/uploads\/2025\/01\/nangialai-stoman-ZOS4XDaMjR0-unsplash-768x512.jpg 768w, https:\/\/redizajn.ba\/wp-content\/uploads\/2025\/01\/nangialai-stoman-ZOS4XDaMjR0-unsplash-1536x1024.jpg 1536w, https:\/\/redizajn.ba\/wp-content\/uploads\/2025\/01\/nangialai-stoman-ZOS4XDaMjR0-unsplash.jpg 1920w\" sizes=\"(max-width: 1024px) 100vw, 1024px\" \/><figcaption class=\"wp-element-caption\">Foto von <a href=\"https:\/\/unsplash.com\/fr\/@stoman?utm_content=creditCopyText&amp;utm_medium=referral&amp;utm_source=unsplash\">Nangialai Stoman<\/a> aus <a href=\"https:\/\/unsplash.com\/fr\/photos\/un-homme-assis-devant-un-ordinateur-portable-ZOS4XDaMjR0?utm_content=creditCopyText&amp;utm_medium=referral&amp;utm_source=unsplash\">Unsplash<\/a><\/figcaption><\/figure>\n\n\n\n<h2 class=\"wp-block-heading\"><strong>Mythos 3: Die Arbeit im IT-Sektor bringt ein Verm\u00f6gen ein.&nbsp;<\/strong><\/h2>\n\n\n\n<p class=\"wp-block-paragraph\"><strong><em>Realit\u00e4t: Die Geh\u00e4lter sind gut, h\u00e4ngen aber von Erfahrung und Fachgebiet ab.<\/em><\/strong><\/p>\n\n\n\n<p class=\"wp-block-paragraph\">Einer der Mythen \u00fcber die IT-Branche ist, dass die Arbeit im IT-Sektor immer viel Geld einbringt.<br><br>Allerdings verdient nicht jeder IT-Einsteiger gut. Wie in jeder anderen Branche steigen die Geh\u00e4lter mit der Zeit, da Erfahrung und F\u00e4higkeiten wachsen. Der Einstieg erfordert intensives Lernen, Weiterbildungen, harte Arbeit und bringt in der Regel keine hohen Geh\u00e4lter.&nbsp;<\/p>\n\n\n\n<p class=\"wp-block-paragraph\">Juniorpositionen, wie beispielsweise Einstiegspositionen als Programmierer oder QA-Tester, bieten im Vergleich zu Positionen auf mittlerer oder h\u00f6herer Ebene bescheidenere Geh\u00e4lter, bei denen die Verdienste um ein Vielfaches h\u00f6her sein k\u00f6nnen, aber es braucht Zeit und viel Erfahrung, um diese zu erreichen.&nbsp;<\/p>\n\n\n\n<h2 class=\"wp-block-heading\"><strong>Mythos 4: IT-Experten wissen alles \u00fcber Technologie<\/strong><\/h2>\n\n\n\n<p class=\"wp-block-paragraph\"><strong><em>Realit\u00e4t: Jeder im IT-Sektor ist auf ein oder mehrere verwandte Gebiete spezialisiert, aber niemand wei\u00df alles.<\/em><\/strong><\/p>\n\n\n\n<p class=\"wp-block-paragraph\">Ein weiterer weit verbreiteter Mythos \u00fcber die IT-Branche ist, dass IT-Fachleute alles \u00fcber Technologie wissen.<\/p>\n\n\n\n<p class=\"wp-block-paragraph\">Man geht oft davon aus, dass IT-Experten auf jede Frage eine Antwort haben, von der Reparatur von Telefonen bis hin zur Fehlerbehebung im Internet.<\/p>\n\n\n\n<p class=\"wp-block-paragraph\">IT-Fachleute sind jedoch keine wandelnden Handb\u00fccher. Genauso wie nicht jeder Arzt jede Krankheit heilen kann, wei\u00df auch kein IT-Experte alles \u00fcber Technologie.<\/p>\n\n\n\n<h2 class=\"wp-block-heading\"><strong>Mythos 5: Die IT-Branche ist M\u00e4nnern vorbehalten.<\/strong><\/h2>\n\n\n\n<p class=\"wp-block-paragraph\"><strong><em>Realit\u00e4t: Die Zahl der Frauen im IT-Sektor w\u00e4chst von Jahr zu Jahr.<\/em><\/strong><strong><em><br><\/em><\/strong><br>Es richtet sich an alle, die lernen wollen, unabh\u00e4ngig vom Geschlecht!<br><br>In den letzten Jahren gab es positive Entwicklungen hinsichtlich des Frauenanteils im IT-Sektor. Trotz dieser Fortschritte besteht die Geschlechterkluft jedoch weiterhin.&nbsp;<\/p>\n\n\n\n<figure class=\"wp-block-image size-large\"><img decoding=\"async\" width=\"1024\" height=\"683\" src=\"https:\/\/redizajn.ba\/wp-content\/uploads\/2025\/01\/thisisengineering-69wEv-G2W_s-unsplash-1024x683.jpg\" alt=\"surfanje na internetu\" class=\"wp-image-4840\" srcset=\"https:\/\/redizajn.ba\/wp-content\/uploads\/2025\/01\/thisisengineering-69wEv-G2W_s-unsplash-1024x683.jpg 1024w, https:\/\/redizajn.ba\/wp-content\/uploads\/2025\/01\/thisisengineering-69wEv-G2W_s-unsplash-300x200.jpg 300w, https:\/\/redizajn.ba\/wp-content\/uploads\/2025\/01\/thisisengineering-69wEv-G2W_s-unsplash-768x512.jpg 768w, https:\/\/redizajn.ba\/wp-content\/uploads\/2025\/01\/thisisengineering-69wEv-G2W_s-unsplash-1536x1025.jpg 1536w, https:\/\/redizajn.ba\/wp-content\/uploads\/2025\/01\/thisisengineering-69wEv-G2W_s-unsplash.jpg 1920w\" sizes=\"(max-width: 1024px) 100vw, 1024px\" \/><figcaption class=\"wp-element-caption\">Foto von <a href=\"https:\/\/unsplash.com\/fr\/@thisisengineering?utm_content=creditCopyText&amp;utm_medium=referral&amp;utm_source=unsplash\">ThisisEngineering<\/a> aus <a href=\"https:\/\/unsplash.com\/fr\/photos\/femme-en-debardeur-noir-assise-sur-un-canape-bleu-69wEv-G2W_s?utm_content=creditCopyText&amp;utm_medium=referral&amp;utm_source=unsplash\">Unsplash<\/a><\/figcaption><\/figure>\n\n\n\n<p class=\"wp-block-paragraph\">Entsprechend <a href=\"https:\/\/www.forbes.com\/sites\/cherylrobinson\/2024\/06\/18\/women-in-tech-stats-how-the-industry-can-provide-equal-opportunities\/\">aktuelle Statistiken<\/a>, In dieser Branche stellen Frauen etwa 251 % der Besch\u00e4ftigten. Obwohl diese Zahl steigt, bleibt die Situation in F\u00fchrungspositionen besorgniserregend, da nur 111 % der Besch\u00e4ftigten leitende Positionen innehaben.&nbsp;<\/p>\n\n\n\n<h2 class=\"wp-block-heading\"><strong>Mythos 6: IT-Fachkr\u00e4fte arbeiten ausschlie\u00dflich von zu Hause aus<\/strong><\/h2>\n\n\n\n<p class=\"wp-block-paragraph\"><strong><em>Realit\u00e4t: Viele IT-Fachkr\u00e4fte arbeiten von zu Hause aus, aber das ist nicht die Norm.<\/em><\/strong><strong><em><br><\/em><\/strong><br>Die Pandemie hat popul\u00e4r gemacht <a href=\"https:\/\/www.bls.gov\/opub\/btn\/volume-13\/remote-work-productivity.htm\">Arbeiten von zu Hause<\/a>, Viele IT-Fachkr\u00e4fte sch\u00e4tzen jedoch die Arbeit im B\u00fcro aufgrund der Teamdynamik und der Zusammenarbeit mit Kollegen. H\u00e4ufig wird ein Hybridmodell eingesetzt, bei dem die Mitarbeiter ihren Arbeitsort frei w\u00e4hlen k\u00f6nnen.<\/p>\n\n\n\n<h2 class=\"wp-block-heading\"><strong>Mythos 7: IT-Jobs sind eint\u00f6nig und langweilig<\/strong><\/h2>\n\n\n\n<p class=\"wp-block-paragraph\"><strong><em>Realit\u00e4t: Die Arbeit in der IT-Branche ist dynamisch und anspruchsvoll.<\/em><\/strong><\/p>\n\n\n\n<p class=\"wp-block-paragraph\">Die IT-Branche befindet sich im rasanten Wandel und bringt t\u00e4glich neue Herausforderungen mit sich. Mitarbeiter sehen sich st\u00e4ndig mit neuen Technologien, zu l\u00f6senden Problemen und Innovationen konfrontiert, die die Entwicklung von Produkten und Dienstleistungen beeinflussen.&nbsp;<\/p>\n\n\n\n<p class=\"wp-block-paragraph\">Dar\u00fcber hinaus erfordern viele Jobs im IT-Sektor neben technischem Fachwissen auch ein hohes Ma\u00df an Kreativit\u00e4t. Zum Beispiel, <a href=\"https:\/\/redizajn.ba\/de\/16-najboljih-ai-alata-za-web-dizajnere\/\"><strong>Webdesign<\/strong><\/a> ist einer der Bereiche, der Kreativit\u00e4t erfordert, da Designer optisch ansprechende und funktionale Websites erstellen m\u00fcssen.&nbsp;<\/p>\n\n\n\n<p class=\"wp-block-paragraph\">Neben der \u00c4sthetik m\u00fcssen Designer auch das Nutzerverhalten verstehen, um die Benutzererfahrung (UX) und die Benutzeroberfl\u00e4che (UI) zu optimieren, was Kreativit\u00e4t bei der Probleml\u00f6sung erfordert.<\/p>\n\n\n\n<figure class=\"wp-block-image size-large\"><img decoding=\"async\" width=\"1024\" height=\"683\" src=\"https:\/\/redizajn.ba\/wp-content\/uploads\/2025\/01\/justin-morgan-sqc8bW1NX3Q-unsplash-1024x683.jpg\" alt=\"radni sto\" class=\"wp-image-4841\" srcset=\"https:\/\/redizajn.ba\/wp-content\/uploads\/2025\/01\/justin-morgan-sqc8bW1NX3Q-unsplash-1024x683.jpg 1024w, https:\/\/redizajn.ba\/wp-content\/uploads\/2025\/01\/justin-morgan-sqc8bW1NX3Q-unsplash-300x200.jpg 300w, https:\/\/redizajn.ba\/wp-content\/uploads\/2025\/01\/justin-morgan-sqc8bW1NX3Q-unsplash-768x512.jpg 768w, https:\/\/redizajn.ba\/wp-content\/uploads\/2025\/01\/justin-morgan-sqc8bW1NX3Q-unsplash-1536x1025.jpg 1536w, https:\/\/redizajn.ba\/wp-content\/uploads\/2025\/01\/justin-morgan-sqc8bW1NX3Q-unsplash.jpg 1920w\" sizes=\"(max-width: 1024px) 100vw, 1024px\" \/><figcaption class=\"wp-element-caption\">Foto von <a href=\"https:\/\/unsplash.com\/fr\/@justin_morgan?utm_content=creditCopyText&amp;utm_medium=referral&amp;utm_source=unsplash\">Justin Morgan<\/a> aus <a href=\"https:\/\/unsplash.com\/fr\/photos\/personne-en-veste-grise-utilisant-un-macbook-pro-sqc8bW1NX3Q?utm_content=creditCopyText&amp;utm_medium=referral&amp;utm_source=unsplash\">Unsplash<\/a><\/figcaption><\/figure>\n\n\n\n<h2 class=\"wp-block-heading\"><strong>Mythos 8: Die Arbeit im IT-Sektor ist nur etwas f\u00fcr diejenigen mit umfassenden technischen Kenntnissen.<\/strong><\/h2>\n\n\n\n<p class=\"wp-block-paragraph\"><strong><em>Realit\u00e4t: Die IT-Branche ist riesig und erfordert unterschiedliche F\u00e4higkeiten.<\/em><\/strong><\/p>\n\n\n\n<p class=\"wp-block-paragraph\">Obwohl technische F\u00e4higkeiten eine wichtige Rolle spielen, ben\u00f6tigt die IT-Branche auch viele andere F\u00e4higkeiten, wie Kreativit\u00e4t, F\u00fchrungsqualit\u00e4ten, Kommunikationsf\u00e4higkeiten, Managementf\u00e4higkeiten und dergleichen.&nbsp;<\/p>\n\n\n\n<p class=\"wp-block-paragraph\">Berufe wie UX-Design, Projektmanagement oder digitales Marketing erfordern spezifische F\u00e4higkeiten, die nicht unbedingt technischer Natur sind.<\/p>\n\n\n\n<h2 class=\"wp-block-heading\"><strong>Wie sieht der Karriereweg in der IT-Branche aus?<\/strong><\/h2>\n\n\n\n<p class=\"wp-block-paragraph\">Eine Karriere im IT-Sektor beginnt mit einer formalen Ausbildung oder einem Selbststudium. W\u00e4hrend einige den traditionellen akademischen Weg \u00fcber ein Informatik- oder Informationstechnologiestudium w\u00e4hlen, entscheiden sich viele f\u00fcr Online-Kurse oder intensive Bootcamp-Schulungen.&nbsp;<\/p>\n\n\n\n<p class=\"wp-block-paragraph\">In dieser fr\u00fchen Phase ist es besonders wichtig, sich je nach Interessengebiet grundlegende Kenntnisse in Programmierung, Netzwerktechnik, Datenbanken oder Design anzueignen. Praktische Erfahrung, beispielsweise durch die Arbeit an kleineren pers\u00f6nlichen Projekten oder Beitr\u00e4ge zur Open-Source-Community, kann ein Sprungbrett f\u00fcr den Einstieg in die Branche sein.<\/p>\n\n\n\n<p class=\"wp-block-paragraph\">Die ersten Berufspositionen sind in der Regel Juniorpositionen, in denen Berufsanf\u00e4nger durch die Bearbeitung konkreter Aufgaben mit Unterst\u00fctzung eines Mentors lernen. Junior-Entwickler arbeiten beispielsweise an einfacheren Softwarekomponenten, w\u00e4hrend QA-Tester die Funktionalit\u00e4t und Stabilit\u00e4t von Anwendungen pr\u00fcfen.<\/p>\n\n\n\n<figure class=\"wp-block-image size-large\"><img loading=\"lazy\" decoding=\"async\" width=\"1024\" height=\"683\" src=\"https:\/\/redizajn.ba\/wp-content\/uploads\/2025\/01\/peter-gombos-8y3e2M6APy4-unsplash-1024x683.jpg\" alt=\"programer\" class=\"wp-image-4842\" srcset=\"https:\/\/redizajn.ba\/wp-content\/uploads\/2025\/01\/peter-gombos-8y3e2M6APy4-unsplash-1024x683.jpg 1024w, https:\/\/redizajn.ba\/wp-content\/uploads\/2025\/01\/peter-gombos-8y3e2M6APy4-unsplash-300x200.jpg 300w, https:\/\/redizajn.ba\/wp-content\/uploads\/2025\/01\/peter-gombos-8y3e2M6APy4-unsplash-768x512.jpg 768w, https:\/\/redizajn.ba\/wp-content\/uploads\/2025\/01\/peter-gombos-8y3e2M6APy4-unsplash-1536x1024.jpg 1536w, https:\/\/redizajn.ba\/wp-content\/uploads\/2025\/01\/peter-gombos-8y3e2M6APy4-unsplash.jpg 1920w\" sizes=\"(max-width: 1024px) 100vw, 1024px\" \/><figcaption class=\"wp-element-caption\">Foto von <a href=\"https:\/\/unsplash.com\/fr\/@pepegombos?utm_content=creditCopyText&amp;utm_medium=referral&amp;utm_source=unsplash\">Peter Gombos<\/a> aus <a href=\"https:\/\/unsplash.com\/fr\/photos\/chemise-a-col-rond-noir-pour-homme-8y3e2M6APy4?utm_content=creditCopyText&amp;utm_medium=referral&amp;utm_source=unsplash\">Unsplash<\/a><\/figcaption><\/figure>\n\n\n\n<p class=\"wp-block-paragraph\"><a href=\"\"><\/a>Diese Positionen erm\u00f6glichen es jungen Berufst\u00e4tigen, F\u00e4higkeiten zu entwickeln, sich mit Arbeitsprozessen vertraut zu machen und Einblicke in verschiedene Aspekte von IT-Projekten zu gewinnen.<\/p>\n\n\n\n<p class=\"wp-block-paragraph\">Mit einigen Jahren Berufserfahrung erfolgt der \u00dcbergang zur mittleren F\u00fchrungsebene, wo ein h\u00f6heres Ma\u00df an Selbstst\u00e4ndigkeit und Verantwortung erwartet wird. Fachkr\u00e4fte der mittleren F\u00fchrungsebene arbeiten h\u00e4ufig an komplexeren Projekten, treffen technische Entscheidungen und sind an der Planung der Software- oder Systementwicklung beteiligt.&nbsp;<\/p>\n\n\n\n<p class=\"wp-block-paragraph\">In dieser Phase entscheiden sich viele daf\u00fcr, sich auf ein bestimmtes Gebiet zu spezialisieren, sei es Softwareentwicklung, Netzwerkadministration, Datenanalyse oder UX-Design.<\/p>\n\n\n\n<p class=\"wp-block-paragraph\">Nach Positionen im mittleren Management folgen F\u00fchrungspositionen, die erfahrenen Fachleuten mit umfassenden technischen Kenntnissen und zahlreichen erfolgreich abgeschlossenen Projekten vorbehalten sind.&nbsp;<\/p>\n\n\n\n<p class=\"wp-block-paragraph\">Erfahrene Fachkr\u00e4fte leiten h\u00e4ufig Teams, treffen Projektentscheidungen und betreuen j\u00fcngere Kollegen. In dieser Phase besteht auch die M\u00f6glichkeit, in F\u00fchrungspositionen wie IT-Manager oder Technischer Direktor aufzusteigen, wo der Schwerpunkt auf der Koordination von Teams und dem Treffen wichtiger Gesch\u00e4ftsentscheidungen liegt.<\/p>\n\n\n\n<figure class=\"wp-block-image size-large\"><img loading=\"lazy\" decoding=\"async\" width=\"1024\" height=\"683\" src=\"https:\/\/redizajn.ba\/wp-content\/uploads\/2025\/01\/rahul-mishra-7vNPUkY3gg4-unsplash-1024x683.jpg\" alt=\"visual studio code\" class=\"wp-image-4843\" srcset=\"https:\/\/redizajn.ba\/wp-content\/uploads\/2025\/01\/rahul-mishra-7vNPUkY3gg4-unsplash-1024x683.jpg 1024w, https:\/\/redizajn.ba\/wp-content\/uploads\/2025\/01\/rahul-mishra-7vNPUkY3gg4-unsplash-300x200.jpg 300w, https:\/\/redizajn.ba\/wp-content\/uploads\/2025\/01\/rahul-mishra-7vNPUkY3gg4-unsplash-768x512.jpg 768w, https:\/\/redizajn.ba\/wp-content\/uploads\/2025\/01\/rahul-mishra-7vNPUkY3gg4-unsplash-1536x1024.jpg 1536w, https:\/\/redizajn.ba\/wp-content\/uploads\/2025\/01\/rahul-mishra-7vNPUkY3gg4-unsplash.jpg 1920w\" sizes=\"(max-width: 1024px) 100vw, 1024px\" \/><figcaption class=\"wp-element-caption\">Foto von <a href=\"https:\/\/unsplash.com\/fr\/@rahuulmiishra?utm_content=creditCopyText&amp;utm_medium=referral&amp;utm_source=unsplash\">Rahul Mishra<\/a> aus <a href=\"https:\/\/unsplash.com\/fr\/photos\/un-ecran-dordinateur-pose-sur-un-bureau-7vNPUkY3gg4?utm_content=creditCopyText&amp;utm_medium=referral&amp;utm_source=unsplash\">Unsplash<\/a><\/figcaption><\/figure>\n\n\n\n<p class=\"wp-block-paragraph\">Die IT-Branche bietet Flexibilit\u00e4t und M\u00f6glichkeiten zur kontinuierlichen Weiterentwicklung. Durch st\u00e4ndiges Lernen und die Anpassung an neue Technologien kann eine Karriere in dieser Branche dynamisch und sehr lukrativ sein.&nbsp;<\/p>\n\n\n\n<h2 class=\"wp-block-heading\"><strong>Vorteile und Herausforderungen der Arbeit im IT-Sektor<\/strong><\/h2>\n\n\n\n<p class=\"wp-block-paragraph\">Die Arbeit in der IT-Branche bietet viele Vorteile, birgt aber auch Herausforderungen wie kontinuierliches Lernen und Anpassungsf\u00e4higkeit. Wer diese Aspekte versteht, kann in diesem dynamischen Sektor Fu\u00df fassen.<\/p>\n\n\n\n<p class=\"wp-block-paragraph\">Einer der gr\u00f6\u00dften Vorteile einer T\u00e4tigkeit im IT-Bereich ist die gro\u00dfe Auswahl an M\u00f6glichkeiten zur beruflichen Weiterentwicklung. IT-Fachkr\u00e4fte haben die Chance, an innovativen und interessanten Projekten mitzuarbeiten und dabei die neuesten Technologien einzusetzen.&nbsp;<\/p>\n\n\n\n<p class=\"wp-block-paragraph\">Dar\u00fcber hinaus bietet die Arbeit in diesem Bereich oft flexible Bedingungen, wie zum Beispiel Telearbeit, flexible Arbeitszeiten und die M\u00f6glichkeit, gleichzeitig an verschiedenen Projekten zu arbeiten.&nbsp;<\/p>\n\n\n\n<p class=\"wp-block-paragraph\">Die Geh\u00e4lter im IT-Sektor z\u00e4hlen ebenfalls zu den h\u00f6chsten, und die st\u00e4ndige Nachfrage nach Experten garantiert Besch\u00e4ftigungs- und Aufstiegsm\u00f6glichkeiten.<\/p>\n\n\n\n<p class=\"wp-block-paragraph\">Andererseits birgt die Arbeit in dieser Branche auch gewisse Herausforderungen. Die Technologie entwickelt sich st\u00e4ndig weiter, was eine kontinuierliche Verbesserung und Anpassung an neue Trends erfordert.&nbsp;<\/p>\n\n\n\n<figure class=\"wp-block-image size-large\"><img loading=\"lazy\" decoding=\"async\" width=\"1024\" height=\"683\" src=\"https:\/\/redizajn.ba\/wp-content\/uploads\/2025\/01\/thisisengineering-64YrPKiguAE-unsplash-1024x683.jpg\" alt=\"rad u kancelariji\" class=\"wp-image-4844\" srcset=\"https:\/\/redizajn.ba\/wp-content\/uploads\/2025\/01\/thisisengineering-64YrPKiguAE-unsplash-1024x683.jpg 1024w, https:\/\/redizajn.ba\/wp-content\/uploads\/2025\/01\/thisisengineering-64YrPKiguAE-unsplash-300x200.jpg 300w, https:\/\/redizajn.ba\/wp-content\/uploads\/2025\/01\/thisisengineering-64YrPKiguAE-unsplash-768x512.jpg 768w, https:\/\/redizajn.ba\/wp-content\/uploads\/2025\/01\/thisisengineering-64YrPKiguAE-unsplash-1536x1025.jpg 1536w, https:\/\/redizajn.ba\/wp-content\/uploads\/2025\/01\/thisisengineering-64YrPKiguAE-unsplash.jpg 1920w\" sizes=\"(max-width: 1024px) 100vw, 1024px\" \/><figcaption class=\"wp-element-caption\">Foto von <a href=\"https:\/\/unsplash.com\/fr\/@thisisengineering?utm_content=creditCopyText&amp;utm_medium=referral&amp;utm_source=unsplash\">ThisisEngineering<\/a> aus <a href=\"https:\/\/unsplash.com\/fr\/photos\/femme-en-chemise-verte-assise-devant-lordinateur-64YrPKiguAE?utm_content=creditCopyText&amp;utm_medium=referral&amp;utm_source=unsplash\">Unsplash<\/a><\/figcaption><\/figure>\n\n\n\n<p class=\"wp-block-paragraph\">Das kann sehr anstrengend sein, insbesondere f\u00fcr diejenigen, die nicht auf kontinuierliches Lernen vorbereitet sind. Die Arbeit an komplexen Projekten ist oft mit hohen Kundenerwartungen verbunden, was zu Stress und Burnout f\u00fchren kann.&nbsp;<\/p>\n\n\n\n<p class=\"wp-block-paragraph\">Auch wenn der IT-Sektor Flexibilit\u00e4t bietet, wird von Experten manchmal erwartet, dass sie auch au\u00dferhalb der Arbeitszeit erreichbar sind, insbesondere wenn ein Problem schnell gel\u00f6st werden muss.<\/p>\n\n\n\n<p class=\"wp-block-paragraph\">Trotz der Herausforderungen bleibt die Arbeit in dieser Branche aufgrund der Aufstiegs-, Weiterbildungs- und Verdienstm\u00f6glichkeiten attraktiv. Mit guter Organisation, Lernbereitschaft und methodischem Vorgehen gelingt es vielen, eine sehr erfolgreiche Karriere zu machen.&nbsp;<\/p>\n\n\n\n<p class=\"wp-block-paragraph\"><br>Wenn Ihnen dieser Text gefallen hat und Sie mehr \u00fcber \u00e4hnliche Themen erfahren m\u00f6chten, lesen Sie unsere anderen Artikel. <a href=\"https:\/\/redizajn.ba\/de\/blog\/\">BLOG<\/a>.&nbsp;<\/p>\n\n\n\n<p class=\"wp-block-paragraph\">Und wenn Sie hier sind, um eine neue Website zu starten, ein Rebranding durchzuf\u00fchren oder eine individuelle App zu entwickeln, dann melden Sie sich bei uns! Unser Ziel ist es, all Ihre Gesch\u00e4ftsvisionen in die Realit\u00e4t umzusetzen.&nbsp;<\/p>\n\n\n\n<p class=\"wp-block-paragraph\">Wir sind spezialisiert auf WordPress-Entwicklung, Grafikdesign und Anwendungsentwicklung und streben danach, jedem Kunden individuelle L\u00f6sungen anzubieten, die ihm helfen, sich in der digitalen Welt abzuheben.<\/p>\n\n\n\n<p class=\"wp-block-paragraph\">Wir haben viel hinter uns. <a href=\"https:\/\/redizajn.ba\/de\/portfolio-redizajn\/\">erfolgreich abgeschlossene Projekte<\/a> die unser Engagement f\u00fcr Qualit\u00e4t, Innovation und ein au\u00dfergew\u00f6hnliches Benutzererlebnis bezeugen.&nbsp;<\/p>\n\n\n\n<p class=\"wp-block-paragraph\">Wenn Sie also Ihr Online-Gesch\u00e4ft verbessern m\u00f6chten, kontaktieren Sie uns noch heute und erfahren Sie, wie wir Ihnen helfen k\u00f6nnen, all Ihre Ziele zu erreichen.<\/p>\n\n\n\n<p class=\"single-blog-cta wp-block-paragraph\"><a href=\"\/de\/kontakt\/\">ANGEBOT ANFORDERN<\/a><\/p>","protected":false},"excerpt":{"rendered":"<p>Wir r\u00e4umen mit Mythen \u00fcber die IT-Branche auf! Erfahren Sie, was die Leute \u00fcber IT-Fachleute falsch verstehen und entdecken Sie, wie die Arbeit in diesem Sektor wirklich aussieht.<\/p>","protected":false},"author":3,"featured_media":4845,"comment_status":"open","ping_status":"open","sticky":false,"template":"","format":"standard","meta":{"footnotes":""},"categories":[31,30],"tags":[79,33,6,7],"class_list":["post-4838","post","type-post","status-publish","format-standard","has-post-thumbnail","hentry","category-edukacije-i-resursi","category-studije-slucaja-case-study","tag-mitovi","tag-redizajn","tag-seo","tag-wordpress"],"acf":[],"yoast_head":"<!-- This site is optimized with the Yoast SEO plugin v25.4 - https:\/\/yoast.com\/wordpress\/plugins\/seo\/ -->\n<title>Mitovi o IT industriji: \u0160ta ljudi pogre\u0161no shvataju o nama? - reDizajn<\/title>\n<meta name=\"description\" content=\"Razbijamo mitove o IT industriji! Saznajte \u0161ta ljudi pogre\u0161no misle o IT stru\u010dnjacima i otkrijte kako zaista izgleda rad u ovom sektoru.\" \/>\n<meta name=\"robots\" content=\"index, follow, max-snippet:-1, max-image-preview:large, max-video-preview:-1\" \/>\n<link rel=\"canonical\" href=\"https:\/\/redizajn.ba\/de\/mitovi-o-it-industriji-sta-ljudi-pogresno-shvataju-o-nama\/\" \/>\n<meta property=\"og:locale\" content=\"de_DE\" \/>\n<meta property=\"og:type\" content=\"article\" \/>\n<meta property=\"og:title\" content=\"Mitovi o IT industriji: \u0160ta ljudi pogre\u0161no shvataju o nama? - reDizajn\" \/>\n<meta property=\"og:description\" content=\"Razbijamo mitove o IT industriji! Saznajte \u0161ta ljudi pogre\u0161no misle o IT stru\u010dnjacima i otkrijte kako zaista izgleda rad u ovom sektoru.\" \/>\n<meta property=\"og:url\" content=\"https:\/\/redizajn.ba\/de\/mitovi-o-it-industriji-sta-ljudi-pogresno-shvataju-o-nama\/\" \/>\n<meta property=\"og:site_name\" content=\"reDizajn\" \/>\n<meta property=\"article:published_time\" content=\"2025-01-10T16:51:12+00:00\" \/>\n<meta property=\"article:modified_time\" content=\"2025-01-10T16:51:14+00:00\" \/>\n<meta property=\"og:image\" content=\"https:\/\/redizajn.ba\/wp-content\/uploads\/2025\/01\/mitovi.jpg\" \/>\n\t<meta property=\"og:image:width\" content=\"1920\" \/>\n\t<meta property=\"og:image:height\" content=\"1111\" \/>\n\t<meta property=\"og:image:type\" content=\"image\/jpeg\" \/>\n<meta name=\"author\" content=\"Nikolina Olja\u010da\" \/>\n<meta name=\"twitter:card\" content=\"summary_large_image\" \/>\n<meta name=\"twitter:label1\" content=\"Verfasst von\" \/>\n\t<meta name=\"twitter:data1\" content=\"Nikolina Olja\u010da\" \/>\n\t<meta name=\"twitter:label2\" content=\"Gesch\u00e4tzte Lesezeit\" \/>\n\t<meta name=\"twitter:data2\" content=\"10\u00a0Minuten\" \/>\n<script type=\"application\/ld+json\" class=\"yoast-schema-graph\">{\"@context\":\"https:\/\/schema.org\",\"@graph\":[{\"@type\":\"Article\",\"@id\":\"https:\/\/redizajn.ba\/mitovi-o-it-industriji-sta-ljudi-pogresno-shvataju-o-nama\/#article\",\"isPartOf\":{\"@id\":\"https:\/\/redizajn.ba\/mitovi-o-it-industriji-sta-ljudi-pogresno-shvataju-o-nama\/\"},\"author\":{\"name\":\"Nikolina Olja\u010da\",\"@id\":\"https:\/\/redizajn.ba\/#\/schema\/person\/a6776f878deab451dc33740bcbe8af33\"},\"headline\":\"Mitovi o IT industriji: \u0160ta ljudi pogre\u0161no shvataju o nama?\",\"datePublished\":\"2025-01-10T16:51:12+00:00\",\"dateModified\":\"2025-01-10T16:51:14+00:00\",\"mainEntityOfPage\":{\"@id\":\"https:\/\/redizajn.ba\/mitovi-o-it-industriji-sta-ljudi-pogresno-shvataju-o-nama\/\"},\"wordCount\":1616,\"commentCount\":0,\"publisher\":{\"@id\":\"https:\/\/redizajn.ba\/#organization\"},\"image\":{\"@id\":\"https:\/\/redizajn.ba\/mitovi-o-it-industriji-sta-ljudi-pogresno-shvataju-o-nama\/#primaryimage\"},\"thumbnailUrl\":\"https:\/\/redizajn.ba\/wp-content\/uploads\/2025\/01\/mitovi.jpg\",\"keywords\":[\"mitovi\",\"reDizajn\",\"SEO\",\"WordPress\"],\"articleSection\":[\"Edukacije i resursi\",\"Studije slu\u010daja (Case study)\"],\"inLanguage\":\"de\",\"potentialAction\":[{\"@type\":\"CommentAction\",\"name\":\"Comment\",\"target\":[\"https:\/\/redizajn.ba\/mitovi-o-it-industriji-sta-ljudi-pogresno-shvataju-o-nama\/#respond\"]}]},{\"@type\":\"WebPage\",\"@id\":\"https:\/\/redizajn.ba\/mitovi-o-it-industriji-sta-ljudi-pogresno-shvataju-o-nama\/\",\"url\":\"https:\/\/redizajn.ba\/mitovi-o-it-industriji-sta-ljudi-pogresno-shvataju-o-nama\/\",\"name\":\"Mitovi o IT industriji: \u0160ta ljudi pogre\u0161no shvataju o nama? - reDizajn\",\"isPartOf\":{\"@id\":\"https:\/\/redizajn.ba\/#website\"},\"primaryImageOfPage\":{\"@id\":\"https:\/\/redizajn.ba\/mitovi-o-it-industriji-sta-ljudi-pogresno-shvataju-o-nama\/#primaryimage\"},\"image\":{\"@id\":\"https:\/\/redizajn.ba\/mitovi-o-it-industriji-sta-ljudi-pogresno-shvataju-o-nama\/#primaryimage\"},\"thumbnailUrl\":\"https:\/\/redizajn.ba\/wp-content\/uploads\/2025\/01\/mitovi.jpg\",\"datePublished\":\"2025-01-10T16:51:12+00:00\",\"dateModified\":\"2025-01-10T16:51:14+00:00\",\"description\":\"Razbijamo mitove o IT industriji! Saznajte \u0161ta ljudi pogre\u0161no misle o IT stru\u010dnjacima i otkrijte kako zaista izgleda rad u ovom sektoru.\",\"breadcrumb\":{\"@id\":\"https:\/\/redizajn.ba\/mitovi-o-it-industriji-sta-ljudi-pogresno-shvataju-o-nama\/#breadcrumb\"},\"inLanguage\":\"de\",\"potentialAction\":[{\"@type\":\"ReadAction\",\"target\":[\"https:\/\/redizajn.ba\/mitovi-o-it-industriji-sta-ljudi-pogresno-shvataju-o-nama\/\"]}]},{\"@type\":\"ImageObject\",\"inLanguage\":\"de\",\"@id\":\"https:\/\/redizajn.ba\/mitovi-o-it-industriji-sta-ljudi-pogresno-shvataju-o-nama\/#primaryimage\",\"url\":\"https:\/\/redizajn.ba\/wp-content\/uploads\/2025\/01\/mitovi.jpg\",\"contentUrl\":\"https:\/\/redizajn.ba\/wp-content\/uploads\/2025\/01\/mitovi.jpg\",\"width\":1920,\"height\":1111,\"caption\":\"mitovi\"},{\"@type\":\"BreadcrumbList\",\"@id\":\"https:\/\/redizajn.ba\/mitovi-o-it-industriji-sta-ljudi-pogresno-shvataju-o-nama\/#breadcrumb\",\"itemListElement\":[{\"@type\":\"ListItem\",\"position\":1,\"name\":\"Home\",\"item\":\"https:\/\/redizajn.ba\/\"},{\"@type\":\"ListItem\",\"position\":2,\"name\":\"Mitovi o IT industriji: \u0160ta ljudi pogre\u0161no shvataju o nama?\"}]},{\"@type\":\"WebSite\",\"@id\":\"https:\/\/redizajn.ba\/#website\",\"url\":\"https:\/\/redizajn.ba\/\",\"name\":\"reDizajn\",\"description\":\"\",\"publisher\":{\"@id\":\"https:\/\/redizajn.ba\/#organization\"},\"potentialAction\":[{\"@type\":\"SearchAction\",\"target\":{\"@type\":\"EntryPoint\",\"urlTemplate\":\"https:\/\/redizajn.ba\/?s={search_term_string}\"},\"query-input\":{\"@type\":\"PropertyValueSpecification\",\"valueRequired\":true,\"valueName\":\"search_term_string\"}}],\"inLanguage\":\"de\"},{\"@type\":\"Organization\",\"@id\":\"https:\/\/redizajn.ba\/#organization\",\"name\":\"reDizajn\",\"url\":\"https:\/\/redizajn.ba\/\",\"logo\":{\"@type\":\"ImageObject\",\"inLanguage\":\"de\",\"@id\":\"https:\/\/redizajn.ba\/#\/schema\/logo\/image\/\",\"url\":\"https:\/\/redizajn.ba\/wp-content\/uploads\/2025\/06\/logo.svg\",\"contentUrl\":\"https:\/\/redizajn.ba\/wp-content\/uploads\/2025\/06\/logo.svg\",\"width\":124,\"height\":33,\"caption\":\"reDizajn\"},\"image\":{\"@id\":\"https:\/\/redizajn.ba\/#\/schema\/logo\/image\/\"}},{\"@type\":\"Person\",\"@id\":\"https:\/\/redizajn.ba\/#\/schema\/person\/a6776f878deab451dc33740bcbe8af33\",\"name\":\"Nikolina Olja\u010da\",\"image\":{\"@type\":\"ImageObject\",\"inLanguage\":\"de\",\"@id\":\"https:\/\/redizajn.ba\/#\/schema\/person\/image\/\",\"url\":\"https:\/\/secure.gravatar.com\/avatar\/e3ed809190d22ed23a50ecdcff35bd21c68889a4d42e3231328498636b5e5b9f?s=96&d=mm&r=g\",\"contentUrl\":\"https:\/\/secure.gravatar.com\/avatar\/e3ed809190d22ed23a50ecdcff35bd21c68889a4d42e3231328498636b5e5b9f?s=96&d=mm&r=g\",\"caption\":\"Nikolina Olja\u010da\"}}]}<\/script>\n<!-- \/ Yoast SEO plugin. -->","yoast_head_json":{"title":"Mitovi o IT industriji: \u0160ta ljudi pogre\u0161no shvataju o nama? - reDizajn","description":"Wir r\u00e4umen mit Mythen \u00fcber die IT-Branche auf! Erfahren Sie, was die Leute \u00fcber IT-Fachleute falsch verstehen und entdecken Sie, wie die Arbeit in diesem Sektor wirklich aussieht.","robots":{"index":"index","follow":"follow","max-snippet":"max-snippet:-1","max-image-preview":"max-image-preview:large","max-video-preview":"max-video-preview:-1"},"canonical":"https:\/\/redizajn.ba\/de\/mitovi-o-it-industriji-sta-ljudi-pogresno-shvataju-o-nama\/","og_locale":"de_DE","og_type":"article","og_title":"Mitovi o IT industriji: \u0160ta ljudi pogre\u0161no shvataju o nama? - reDizajn","og_description":"Razbijamo mitove o IT industriji! Saznajte \u0161ta ljudi pogre\u0161no misle o IT stru\u010dnjacima i otkrijte kako zaista izgleda rad u ovom sektoru.","og_url":"https:\/\/redizajn.ba\/de\/mitovi-o-it-industriji-sta-ljudi-pogresno-shvataju-o-nama\/","og_site_name":"reDizajn","article_published_time":"2025-01-10T16:51:12+00:00","article_modified_time":"2025-01-10T16:51:14+00:00","og_image":[{"width":1920,"height":1111,"url":"https:\/\/redizajn.ba\/wp-content\/uploads\/2025\/01\/mitovi.jpg","type":"image\/jpeg"}],"author":"Nikolina Olja\u010da","twitter_card":"summary_large_image","twitter_misc":{"Verfasst von":"Nikolina Olja\u010da","Gesch\u00e4tzte Lesezeit":"10\u00a0Minuten"},"schema":{"@context":"https:\/\/schema.org","@graph":[{"@type":"Article","@id":"https:\/\/redizajn.ba\/mitovi-o-it-industriji-sta-ljudi-pogresno-shvataju-o-nama\/#article","isPartOf":{"@id":"https:\/\/redizajn.ba\/mitovi-o-it-industriji-sta-ljudi-pogresno-shvataju-o-nama\/"},"author":{"name":"Nikolina Olja\u010da","@id":"https:\/\/redizajn.ba\/#\/schema\/person\/a6776f878deab451dc33740bcbe8af33"},"headline":"Mitovi o IT industriji: \u0160ta ljudi pogre\u0161no shvataju o nama?","datePublished":"2025-01-10T16:51:12+00:00","dateModified":"2025-01-10T16:51:14+00:00","mainEntityOfPage":{"@id":"https:\/\/redizajn.ba\/mitovi-o-it-industriji-sta-ljudi-pogresno-shvataju-o-nama\/"},"wordCount":1616,"commentCount":0,"publisher":{"@id":"https:\/\/redizajn.ba\/#organization"},"image":{"@id":"https:\/\/redizajn.ba\/mitovi-o-it-industriji-sta-ljudi-pogresno-shvataju-o-nama\/#primaryimage"},"thumbnailUrl":"https:\/\/redizajn.ba\/wp-content\/uploads\/2025\/01\/mitovi.jpg","keywords":["mitovi","reDizajn","SEO","WordPress"],"articleSection":["Edukacije i resursi","Studije slu\u010daja (Case study)"],"inLanguage":"de","potentialAction":[{"@type":"CommentAction","name":"Comment","target":["https:\/\/redizajn.ba\/mitovi-o-it-industriji-sta-ljudi-pogresno-shvataju-o-nama\/#respond"]}]},{"@type":"WebPage","@id":"https:\/\/redizajn.ba\/mitovi-o-it-industriji-sta-ljudi-pogresno-shvataju-o-nama\/","url":"https:\/\/redizajn.ba\/mitovi-o-it-industriji-sta-ljudi-pogresno-shvataju-o-nama\/","name":"Mitovi o IT industriji: \u0160ta ljudi pogre\u0161no shvataju o nama? - reDizajn","isPartOf":{"@id":"https:\/\/redizajn.ba\/#website"},"primaryImageOfPage":{"@id":"https:\/\/redizajn.ba\/mitovi-o-it-industriji-sta-ljudi-pogresno-shvataju-o-nama\/#primaryimage"},"image":{"@id":"https:\/\/redizajn.ba\/mitovi-o-it-industriji-sta-ljudi-pogresno-shvataju-o-nama\/#primaryimage"},"thumbnailUrl":"https:\/\/redizajn.ba\/wp-content\/uploads\/2025\/01\/mitovi.jpg","datePublished":"2025-01-10T16:51:12+00:00","dateModified":"2025-01-10T16:51:14+00:00","description":"Wir r\u00e4umen mit Mythen \u00fcber die IT-Branche auf! Erfahren Sie, was die Leute \u00fcber IT-Fachleute falsch verstehen und entdecken Sie, wie die Arbeit in diesem Sektor wirklich aussieht.","breadcrumb":{"@id":"https:\/\/redizajn.ba\/mitovi-o-it-industriji-sta-ljudi-pogresno-shvataju-o-nama\/#breadcrumb"},"inLanguage":"de","potentialAction":[{"@type":"ReadAction","target":["https:\/\/redizajn.ba\/mitovi-o-it-industriji-sta-ljudi-pogresno-shvataju-o-nama\/"]}]},{"@type":"ImageObject","inLanguage":"de","@id":"https:\/\/redizajn.ba\/mitovi-o-it-industriji-sta-ljudi-pogresno-shvataju-o-nama\/#primaryimage","url":"https:\/\/redizajn.ba\/wp-content\/uploads\/2025\/01\/mitovi.jpg","contentUrl":"https:\/\/redizajn.ba\/wp-content\/uploads\/2025\/01\/mitovi.jpg","width":1920,"height":1111,"caption":"mitovi"},{"@type":"BreadcrumbList","@id":"https:\/\/redizajn.ba\/mitovi-o-it-industriji-sta-ljudi-pogresno-shvataju-o-nama\/#breadcrumb","itemListElement":[{"@type":"ListItem","position":1,"name":"Home","item":"https:\/\/redizajn.ba\/"},{"@type":"ListItem","position":2,"name":"Mitovi o IT industriji: \u0160ta ljudi pogre\u0161no shvataju o nama?"}]},{"@type":"WebSite","@id":"https:\/\/redizajn.ba\/#website","url":"https:\/\/redizajn.ba\/","name":"Neugestaltung","description":"","publisher":{"@id":"https:\/\/redizajn.ba\/#organization"},"potentialAction":[{"@type":"SearchAction","target":{"@type":"EntryPoint","urlTemplate":"https:\/\/redizajn.ba\/?s={search_term_string}"},"query-input":{"@type":"PropertyValueSpecification","valueRequired":true,"valueName":"search_term_string"}}],"inLanguage":"de"},{"@type":"Organization","@id":"https:\/\/redizajn.ba\/#organization","name":"Neugestaltung","url":"https:\/\/redizajn.ba\/","logo":{"@type":"ImageObject","inLanguage":"de","@id":"https:\/\/redizajn.ba\/#\/schema\/logo\/image\/","url":"https:\/\/redizajn.ba\/wp-content\/uploads\/2025\/06\/logo.svg","contentUrl":"https:\/\/redizajn.ba\/wp-content\/uploads\/2025\/06\/logo.svg","width":124,"height":33,"caption":"reDizajn"},"image":{"@id":"https:\/\/redizajn.ba\/#\/schema\/logo\/image\/"}},{"@type":"Person","@id":"https:\/\/redizajn.ba\/#\/schema\/person\/a6776f878deab451dc33740bcbe8af33","name":"Nikolina Oljaca","image":{"@type":"ImageObject","inLanguage":"de","@id":"https:\/\/redizajn.ba\/#\/schema\/person\/image\/","url":"https:\/\/secure.gravatar.com\/avatar\/e3ed809190d22ed23a50ecdcff35bd21c68889a4d42e3231328498636b5e5b9f?s=96&d=mm&r=g","contentUrl":"https:\/\/secure.gravatar.com\/avatar\/e3ed809190d22ed23a50ecdcff35bd21c68889a4d42e3231328498636b5e5b9f?s=96&d=mm&r=g","caption":"Nikolina Olja\u010da"}}]}},"_links":{"self":[{"href":"https:\/\/redizajn.ba\/de\/wp-json\/wp\/v2\/posts\/4838","targetHints":{"allow":["GET"]}}],"collection":[{"href":"https:\/\/redizajn.ba\/de\/wp-json\/wp\/v2\/posts"}],"about":[{"href":"https:\/\/redizajn.ba\/de\/wp-json\/wp\/v2\/types\/post"}],"author":[{"embeddable":true,"href":"https:\/\/redizajn.ba\/de\/wp-json\/wp\/v2\/users\/3"}],"replies":[{"embeddable":true,"href":"https:\/\/redizajn.ba\/de\/wp-json\/wp\/v2\/comments?post=4838"}],"version-history":[{"count":1,"href":"https:\/\/redizajn.ba\/de\/wp-json\/wp\/v2\/posts\/4838\/revisions"}],"predecessor-version":[{"id":4846,"href":"https:\/\/redizajn.ba\/de\/wp-json\/wp\/v2\/posts\/4838\/revisions\/4846"}],"wp:featuredmedia":[{"embeddable":true,"href":"https:\/\/redizajn.ba\/de\/wp-json\/wp\/v2\/media\/4845"}],"wp:attachment":[{"href":"https:\/\/redizajn.ba\/de\/wp-json\/wp\/v2\/media?parent=4838"}],"wp:term":[{"taxonomy":"category","embeddable":true,"href":"https:\/\/redizajn.ba\/de\/wp-json\/wp\/v2\/categories?post=4838"},{"taxonomy":"post_tag","embeddable":true,"href":"https:\/\/redizajn.ba\/de\/wp-json\/wp\/v2\/tags?post=4838"}],"curies":[{"name":"wp","href":"https:\/\/api.w.org\/{rel}","templated":true}]}}